{"id":361,"date":"2024-12-15T09:30:26","date_gmt":"2024-12-15T08:30:26","guid":{"rendered":"https:\/\/www.elsducs.org\/blog\/?p=361"},"modified":"2024-12-15T09:37:54","modified_gmt":"2024-12-15T08:37:54","slug":"els-25-anys-dels-ducs-del-foc-un-espectacle-pel-record","status":"publish","type":"post","link":"https:\/\/www.elsducs.org\/blog\/els-25-anys-dels-ducs-del-foc-un-espectacle-pel-record\/","title":{"rendered":"Els 25 anys dels Ducs del Foc: un espectacle pel record"},"content":{"rendered":"\n<p>L&#8217;any <strong>2021<\/strong> vam celebrar el nostre <strong>25\u00e8 aniversari<\/strong>, un moment molt especial marcat pels reptes de la pand\u00e8mia de la COVID-19. Tot i les dificultats i les regulacions sanit\u00e0ries, ens vam adaptar per fer possible un <strong>espectacle \u00fanic<\/strong>, demostrant que l\u2019esperit del foc i la cultura popular sempre troben la manera de fer-ho possible.<\/p>\n\n\n\n<p>Aquest espectacle commemoratiu, ideat pels <strong>Mussolets<\/strong> amb el suport dels Ducs del Foc, va ser un homenatge als <strong>25 anys d\u2019hist\u00f2ria<\/strong> de la nostra colla. Tot i la dist\u00e0ncia i les mesures de seguretat, vam aconseguir emocionar grans i petits amb una actuaci\u00f3 plena de llum, espurnes i passi\u00f3. \ud83d\udcab<\/p>\n\n\n\n<figure class=\"wp-block-image aligncenter size-full is-resized\"><img loading=\"lazy\" decoding=\"async\" width=\"984\" height=\"987\" src=\"https:\/\/www.elsducs.org\/blog\/wp-content\/uploads\/2024\/12\/elsDucsdelFoc-25-anys-record-amb-IA.jpg\" alt=\"\" class=\"wp-image-364\" style=\"width:586px;height:auto\" srcset=\"https:\/\/www.elsducs.org\/blog\/wp-content\/uploads\/2024\/12\/elsDucsdelFoc-25-anys-record-amb-IA.jpg 984w, https:\/\/www.elsducs.org\/blog\/wp-content\/uploads\/2024\/12\/elsDucsdelFoc-25-anys-record-amb-IA-300x300.jpg 300w, https:\/\/www.elsducs.org\/blog\/wp-content\/uploads\/2024\/12\/elsDucsdelFoc-25-anys-record-amb-IA-150x150.jpg 150w, https:\/\/www.elsducs.org\/blog\/wp-content\/uploads\/2024\/12\/elsDucsdelFoc-25-anys-record-amb-IA-768x770.jpg 768w\" sizes=\"auto, (max-width: 984px) 100vw, 984px\" \/><\/figure>\n\n\n\n<p><strong>Gr\u00e0cies a tot l\u2019equip que va fer possible aquest moment memorable:<\/strong> \ud83d\udd25\u2728<\/p>\n\n\n\n<ul class=\"wp-block-list\">\n<li><strong>Edici\u00f3 del v\u00eddeo:<\/strong> Eloi Roviras \ud83c\udfa5<\/li>\n\n\n\n<li><strong>Material audiovisual:<\/strong> Jordi Font \ud83d\udcf8<\/li>\n<\/ul>\n\n\n\n<p>Ara volem compartir amb vosaltres el <strong>v\u00eddeo resum d\u2019aquest espectacular correfoc<\/strong>, gravat des de tres angles diferents per capturar cada detall de la m\u00e0gia que vam viure junts:<\/p>\n\n\n\n<figure class=\"wp-block-embed is-type-video is-provider-youtube wp-block-embed-youtube wp-embed-aspect-16-9 wp-has-aspect-ratio\"><div class=\"wp-block-embed__wrapper\">\n<iframe loading=\"lazy\" title=\"Espectacle 25 Anys dels Ducs del Foc. Any 2021 (COVID-19)\" width=\"500\" height=\"281\" src=\"https:\/\/www.youtube.com\/embed\/iBhJdPZgvZ8?feature=oembed\" frameborder=\"0\" allow=\"accelerometer; autoplay; clipboard-write; encrypted-media; gyroscope; picture-in-picture; web-share\" referrerpolicy=\"strict-origin-when-cross-origin\" allowfullscreen><\/iframe>\n<\/div><\/figure>\n\n\n\n<p>Aquest v\u00eddeo \u00e9s un testimoni de com, fins i tot en moments dif\u00edcils, podem continuar escampant la flama de la nostra tradici\u00f3. <\/p>\n\n\n\n<p>L\u2019espectacle va ser una mostra del comprom\u00eds de la colla amb la cultura catalana i amb els valors que ens defineixen: creativitat, resili\u00e8ncia i treball en equip.<\/p>\n\n\n\n<p><strong>No deixis de seguir-nos a les nostres xarxes socials<\/strong> per estar al dia dels nostres pr\u00f2xims espectacles i per veure m\u00e9s moments com aquest:<br><br>\ud83d\udcf8 <a href=\"https:\/\/www.instagram.com\/elsducsdelfoc\"><strong>Instagram<\/strong><\/a><br>\ud83d\udcd8 <a href=\"https:\/\/ca-es.facebook.com\/elsducs\"><strong>Facebook<\/strong><\/a><br>\ud83c\udf10 <a href=\"https:\/\/www.elsducs.org\/blog\/contacte\/\"><strong>Contactar<\/strong><\/a> a trav\u00e9s del formulari de la nostra web.<\/p>\n\n\n\n<p><strong>Salut i foc!<\/strong> \ud83d\udd25\ud83e\udd89<\/p>\n","protected":false},"excerpt":{"rendered":"<p>L&#8217;any 2021 vam celebrar el nostre 25\u00e8 aniversari, un moment molt especial marcat pels reptes de la pand\u00e8mia de la COVID-19. Tot i les dificultats i les regulacions sanit\u00e0ries, ens vam adaptar per fer possible un espectacle \u00fanic, demostrant que l\u2019esperit del foc i la cultura popular sempre troben la manera de fer-ho possible. Aquest [&hellip;]<\/p>\n","protected":false},"author":1,"featured_media":0,"comment_status":"closed","ping_status":"open","sticky":false,"template":"","format":"standard","meta":{"footnotes":""},"categories":[5],"tags":[],"class_list":["post-361","post","type-post","status-publish","format-standard","hentry","category-events"],"yoast_head":"<!-- This site is optimized with the Yoast SEO plugin v23.2 - https:\/\/yoast.com\/wordpress\/plugins\/seo\/ -->\n<title>Els 25 anys dels Ducs del Foc: un espectacle pel record - Els Ducs del Foc<\/title>\n<meta name=\"description\" content=\"Reviu l&#039;espectacle del 25\u00e8 aniversari dels Ducs del Foc, celebrat el 2021 en plena pand\u00e8mia. Descobreix el v\u00eddeo resum amb angles espectaculars i l&#039;esperit del foc viu. Ducs del Foc: Espectacle i V\u00eddeo Commemoratiu\" \/>\n<meta name=\"robots\" content=\"index, follow, max-snippet:-1, max-image-preview:large, max-video-preview:-1\" \/>\n<link rel=\"canonical\" href=\"https:\/\/www.elsducs.org\/blog\/els-25-anys-dels-ducs-del-foc-un-espectacle-pel-record\/\" \/>\n<meta property=\"og:locale\" content=\"ca_ES\" \/>\n<meta property=\"og:type\" content=\"article\" \/>\n<meta property=\"og:title\" content=\"Els 25 anys dels Ducs del Foc: un espectacle pel record - Els Ducs del Foc\" \/>\n<meta property=\"og:description\" content=\"Reviu l&#039;espectacle del 25\u00e8 aniversari dels Ducs del Foc, celebrat el 2021 en plena pand\u00e8mia. Descobreix el v\u00eddeo resum amb angles espectaculars i l&#039;esperit del foc viu. Ducs del Foc: Espectacle i V\u00eddeo Commemoratiu\" \/>\n<meta property=\"og:url\" content=\"https:\/\/www.elsducs.org\/blog\/els-25-anys-dels-ducs-del-foc-un-espectacle-pel-record\/\" \/>\n<meta property=\"og:site_name\" content=\"Els Ducs del Foc\" \/>\n<meta property=\"article:publisher\" content=\"https:\/\/ca-es.facebook.com\/elsducs\/\" \/>\n<meta property=\"article:published_time\" content=\"2024-12-15T08:30:26+00:00\" \/>\n<meta property=\"article:modified_time\" content=\"2024-12-15T08:37:54+00:00\" \/>\n<meta property=\"og:image\" content=\"https:\/\/www.elsducs.org\/blog\/wp-content\/uploads\/2024\/12\/elsDucsdelFoc-25-anys-record-amb-IA.jpg\" \/>\n<meta name=\"author\" content=\"elsducs\" \/>\n<meta name=\"twitter:card\" content=\"summary_large_image\" \/>\n<meta name=\"twitter:label1\" content=\"Escrit per\" \/>\n\t<meta name=\"twitter:data1\" content=\"elsducs\" \/>\n\t<meta name=\"twitter:label2\" content=\"Temps estimat de lectura\" \/>\n\t<meta name=\"twitter:data2\" content=\"2 minuts\" \/>\n<script type=\"application\/ld+json\" class=\"yoast-schema-graph\">{\"@context\":\"https:\/\/schema.org\",\"@graph\":[{\"@type\":\"Article\",\"@id\":\"https:\/\/www.elsducs.org\/blog\/els-25-anys-dels-ducs-del-foc-un-espectacle-pel-record\/#article\",\"isPartOf\":{\"@id\":\"https:\/\/www.elsducs.org\/blog\/els-25-anys-dels-ducs-del-foc-un-espectacle-pel-record\/\"},\"author\":{\"name\":\"elsducs\",\"@id\":\"https:\/\/www.elsducs.org\/blog\/#\/schema\/person\/356c9f8dfe9272777e2ccf1c7d49215e\"},\"headline\":\"Els 25 anys dels Ducs del Foc: un espectacle pel record\",\"datePublished\":\"2024-12-15T08:30:26+00:00\",\"dateModified\":\"2024-12-15T08:37:54+00:00\",\"mainEntityOfPage\":{\"@id\":\"https:\/\/www.elsducs.org\/blog\/els-25-anys-dels-ducs-del-foc-un-espectacle-pel-record\/\"},\"wordCount\":272,\"publisher\":{\"@id\":\"https:\/\/www.elsducs.org\/blog\/#organization\"},\"image\":{\"@id\":\"https:\/\/www.elsducs.org\/blog\/els-25-anys-dels-ducs-del-foc-un-espectacle-pel-record\/#primaryimage\"},\"thumbnailUrl\":\"https:\/\/www.elsducs.org\/blog\/wp-content\/uploads\/2024\/12\/elsDucsdelFoc-25-anys-record-amb-IA.jpg\",\"articleSection\":[\"Events\"],\"inLanguage\":\"ca\"},{\"@type\":\"WebPage\",\"@id\":\"https:\/\/www.elsducs.org\/blog\/els-25-anys-dels-ducs-del-foc-un-espectacle-pel-record\/\",\"url\":\"https:\/\/www.elsducs.org\/blog\/els-25-anys-dels-ducs-del-foc-un-espectacle-pel-record\/\",\"name\":\"Els 25 anys dels Ducs del Foc: un espectacle pel record - Els Ducs del Foc\",\"isPartOf\":{\"@id\":\"https:\/\/www.elsducs.org\/blog\/#website\"},\"primaryImageOfPage\":{\"@id\":\"https:\/\/www.elsducs.org\/blog\/els-25-anys-dels-ducs-del-foc-un-espectacle-pel-record\/#primaryimage\"},\"image\":{\"@id\":\"https:\/\/www.elsducs.org\/blog\/els-25-anys-dels-ducs-del-foc-un-espectacle-pel-record\/#primaryimage\"},\"thumbnailUrl\":\"https:\/\/www.elsducs.org\/blog\/wp-content\/uploads\/2024\/12\/elsDucsdelFoc-25-anys-record-amb-IA.jpg\",\"datePublished\":\"2024-12-15T08:30:26+00:00\",\"dateModified\":\"2024-12-15T08:37:54+00:00\",\"description\":\"Reviu l'espectacle del 25\u00e8 aniversari dels Ducs del Foc, celebrat el 2021 en plena pand\u00e8mia. Descobreix el v\u00eddeo resum amb angles espectaculars i l'esperit del foc viu. Ducs del Foc: Espectacle i V\u00eddeo Commemoratiu\",\"breadcrumb\":{\"@id\":\"https:\/\/www.elsducs.org\/blog\/els-25-anys-dels-ducs-del-foc-un-espectacle-pel-record\/#breadcrumb\"},\"inLanguage\":\"ca\",\"potentialAction\":[{\"@type\":\"ReadAction\",\"target\":[\"https:\/\/www.elsducs.org\/blog\/els-25-anys-dels-ducs-del-foc-un-espectacle-pel-record\/\"]}]},{\"@type\":\"ImageObject\",\"inLanguage\":\"ca\",\"@id\":\"https:\/\/www.elsducs.org\/blog\/els-25-anys-dels-ducs-del-foc-un-espectacle-pel-record\/#primaryimage\",\"url\":\"https:\/\/www.elsducs.org\/blog\/wp-content\/uploads\/2024\/12\/elsDucsdelFoc-25-anys-record-amb-IA.jpg\",\"contentUrl\":\"https:\/\/www.elsducs.org\/blog\/wp-content\/uploads\/2024\/12\/elsDucsdelFoc-25-anys-record-amb-IA.jpg\",\"width\":984,\"height\":987},{\"@type\":\"BreadcrumbList\",\"@id\":\"https:\/\/www.elsducs.org\/blog\/els-25-anys-dels-ducs-del-foc-un-espectacle-pel-record\/#breadcrumb\",\"itemListElement\":[{\"@type\":\"ListItem\",\"position\":1,\"name\":\"Inici\",\"item\":\"https:\/\/www.elsducs.org\/blog\/\"},{\"@type\":\"ListItem\",\"position\":2,\"name\":\"Els 25 anys dels Ducs del Foc: un espectacle pel record\"}]},{\"@type\":\"WebSite\",\"@id\":\"https:\/\/www.elsducs.org\/blog\/#website\",\"url\":\"https:\/\/www.elsducs.org\/blog\/\",\"name\":\"Els Ducs del Foc\",\"description\":\"Correfocs i espectacles pirot\u00e8cnics a Catalunya\",\"publisher\":{\"@id\":\"https:\/\/www.elsducs.org\/blog\/#organization\"},\"potentialAction\":[{\"@type\":\"SearchAction\",\"target\":{\"@type\":\"EntryPoint\",\"urlTemplate\":\"https:\/\/www.elsducs.org\/blog\/?s={search_term_string}\"},\"query-input\":\"required name=search_term_string\"}],\"inLanguage\":\"ca\"},{\"@type\":\"Organization\",\"@id\":\"https:\/\/www.elsducs.org\/blog\/#organization\",\"name\":\"Els Ducs del Foc\",\"url\":\"https:\/\/www.elsducs.org\/blog\/\",\"logo\":{\"@type\":\"ImageObject\",\"inLanguage\":\"ca\",\"@id\":\"https:\/\/www.elsducs.org\/blog\/#\/schema\/logo\/image\/\",\"url\":\"https:\/\/www.elsducs.org\/blog\/wp-content\/uploads\/2024\/08\/ducs.jpg\",\"contentUrl\":\"https:\/\/www.elsducs.org\/blog\/wp-content\/uploads\/2024\/08\/ducs.jpg\",\"width\":180,\"height\":180,\"caption\":\"Els Ducs del Foc\"},\"image\":{\"@id\":\"https:\/\/www.elsducs.org\/blog\/#\/schema\/logo\/image\/\"},\"sameAs\":[\"https:\/\/ca-es.facebook.com\/elsducs\/\",\"https:\/\/www.instagram.com\/elsducsdelfoc\/\"]},{\"@type\":\"Person\",\"@id\":\"https:\/\/www.elsducs.org\/blog\/#\/schema\/person\/356c9f8dfe9272777e2ccf1c7d49215e\",\"name\":\"elsducs\",\"image\":{\"@type\":\"ImageObject\",\"inLanguage\":\"ca\",\"@id\":\"https:\/\/www.elsducs.org\/blog\/#\/schema\/person\/image\/\",\"url\":\"https:\/\/secure.gravatar.com\/avatar\/c7e9cc45f32ea29afc6f4bd16d1072eb8037accde3e01f4cda205dc325f26b6c?s=96&d=mm&r=g\",\"contentUrl\":\"https:\/\/secure.gravatar.com\/avatar\/c7e9cc45f32ea29afc6f4bd16d1072eb8037accde3e01f4cda205dc325f26b6c?s=96&d=mm&r=g\",\"caption\":\"elsducs\"},\"sameAs\":[\"https:\/\/www.elsducs.org\/blog\"],\"url\":\"https:\/\/www.elsducs.org\/blog\/author\/elsducs\/\"}]}<\/script>\n<!-- \/ Yoast SEO plugin. -->","yoast_head_json":{"title":"Els 25 anys dels Ducs del Foc: un espectacle pel record - Els Ducs del Foc","description":"Reviu l'espectacle del 25\u00e8 aniversari dels Ducs del Foc, celebrat el 2021 en plena pand\u00e8mia. Descobreix el v\u00eddeo resum amb angles espectaculars i l'esperit del foc viu. Ducs del Foc: Espectacle i V\u00eddeo Commemoratiu","robots":{"index":"index","follow":"follow","max-snippet":"max-snippet:-1","max-image-preview":"max-image-preview:large","max-video-preview":"max-video-preview:-1"},"canonical":"https:\/\/www.elsducs.org\/blog\/els-25-anys-dels-ducs-del-foc-un-espectacle-pel-record\/","og_locale":"ca_ES","og_type":"article","og_title":"Els 25 anys dels Ducs del Foc: un espectacle pel record - Els Ducs del Foc","og_description":"Reviu l'espectacle del 25\u00e8 aniversari dels Ducs del Foc, celebrat el 2021 en plena pand\u00e8mia. Descobreix el v\u00eddeo resum amb angles espectaculars i l'esperit del foc viu. Ducs del Foc: Espectacle i V\u00eddeo Commemoratiu","og_url":"https:\/\/www.elsducs.org\/blog\/els-25-anys-dels-ducs-del-foc-un-espectacle-pel-record\/","og_site_name":"Els Ducs del Foc","article_publisher":"https:\/\/ca-es.facebook.com\/elsducs\/","article_published_time":"2024-12-15T08:30:26+00:00","article_modified_time":"2024-12-15T08:37:54+00:00","og_image":[{"url":"https:\/\/www.elsducs.org\/blog\/wp-content\/uploads\/2024\/12\/elsDucsdelFoc-25-anys-record-amb-IA.jpg"}],"author":"elsducs","twitter_card":"summary_large_image","twitter_misc":{"Escrit per":"elsducs","Temps estimat de lectura":"2 minuts"},"schema":{"@context":"https:\/\/schema.org","@graph":[{"@type":"Article","@id":"https:\/\/www.elsducs.org\/blog\/els-25-anys-dels-ducs-del-foc-un-espectacle-pel-record\/#article","isPartOf":{"@id":"https:\/\/www.elsducs.org\/blog\/els-25-anys-dels-ducs-del-foc-un-espectacle-pel-record\/"},"author":{"name":"elsducs","@id":"https:\/\/www.elsducs.org\/blog\/#\/schema\/person\/356c9f8dfe9272777e2ccf1c7d49215e"},"headline":"Els 25 anys dels Ducs del Foc: un espectacle pel record","datePublished":"2024-12-15T08:30:26+00:00","dateModified":"2024-12-15T08:37:54+00:00","mainEntityOfPage":{"@id":"https:\/\/www.elsducs.org\/blog\/els-25-anys-dels-ducs-del-foc-un-espectacle-pel-record\/"},"wordCount":272,"publisher":{"@id":"https:\/\/www.elsducs.org\/blog\/#organization"},"image":{"@id":"https:\/\/www.elsducs.org\/blog\/els-25-anys-dels-ducs-del-foc-un-espectacle-pel-record\/#primaryimage"},"thumbnailUrl":"https:\/\/www.elsducs.org\/blog\/wp-content\/uploads\/2024\/12\/elsDucsdelFoc-25-anys-record-amb-IA.jpg","articleSection":["Events"],"inLanguage":"ca"},{"@type":"WebPage","@id":"https:\/\/www.elsducs.org\/blog\/els-25-anys-dels-ducs-del-foc-un-espectacle-pel-record\/","url":"https:\/\/www.elsducs.org\/blog\/els-25-anys-dels-ducs-del-foc-un-espectacle-pel-record\/","name":"Els 25 anys dels Ducs del Foc: un espectacle pel record - Els Ducs del Foc","isPartOf":{"@id":"https:\/\/www.elsducs.org\/blog\/#website"},"primaryImageOfPage":{"@id":"https:\/\/www.elsducs.org\/blog\/els-25-anys-dels-ducs-del-foc-un-espectacle-pel-record\/#primaryimage"},"image":{"@id":"https:\/\/www.elsducs.org\/blog\/els-25-anys-dels-ducs-del-foc-un-espectacle-pel-record\/#primaryimage"},"thumbnailUrl":"https:\/\/www.elsducs.org\/blog\/wp-content\/uploads\/2024\/12\/elsDucsdelFoc-25-anys-record-amb-IA.jpg","datePublished":"2024-12-15T08:30:26+00:00","dateModified":"2024-12-15T08:37:54+00:00","description":"Reviu l'espectacle del 25\u00e8 aniversari dels Ducs del Foc, celebrat el 2021 en plena pand\u00e8mia. Descobreix el v\u00eddeo resum amb angles espectaculars i l'esperit del foc viu. Ducs del Foc: Espectacle i V\u00eddeo Commemoratiu","breadcrumb":{"@id":"https:\/\/www.elsducs.org\/blog\/els-25-anys-dels-ducs-del-foc-un-espectacle-pel-record\/#breadcrumb"},"inLanguage":"ca","potentialAction":[{"@type":"ReadAction","target":["https:\/\/www.elsducs.org\/blog\/els-25-anys-dels-ducs-del-foc-un-espectacle-pel-record\/"]}]},{"@type":"ImageObject","inLanguage":"ca","@id":"https:\/\/www.elsducs.org\/blog\/els-25-anys-dels-ducs-del-foc-un-espectacle-pel-record\/#primaryimage","url":"https:\/\/www.elsducs.org\/blog\/wp-content\/uploads\/2024\/12\/elsDucsdelFoc-25-anys-record-amb-IA.jpg","contentUrl":"https:\/\/www.elsducs.org\/blog\/wp-content\/uploads\/2024\/12\/elsDucsdelFoc-25-anys-record-amb-IA.jpg","width":984,"height":987},{"@type":"BreadcrumbList","@id":"https:\/\/www.elsducs.org\/blog\/els-25-anys-dels-ducs-del-foc-un-espectacle-pel-record\/#breadcrumb","itemListElement":[{"@type":"ListItem","position":1,"name":"Inici","item":"https:\/\/www.elsducs.org\/blog\/"},{"@type":"ListItem","position":2,"name":"Els 25 anys dels Ducs del Foc: un espectacle pel record"}]},{"@type":"WebSite","@id":"https:\/\/www.elsducs.org\/blog\/#website","url":"https:\/\/www.elsducs.org\/blog\/","name":"Els Ducs del Foc","description":"Correfocs i espectacles pirot\u00e8cnics a Catalunya","publisher":{"@id":"https:\/\/www.elsducs.org\/blog\/#organization"},"potentialAction":[{"@type":"SearchAction","target":{"@type":"EntryPoint","urlTemplate":"https:\/\/www.elsducs.org\/blog\/?s={search_term_string}"},"query-input":"required name=search_term_string"}],"inLanguage":"ca"},{"@type":"Organization","@id":"https:\/\/www.elsducs.org\/blog\/#organization","name":"Els Ducs del Foc","url":"https:\/\/www.elsducs.org\/blog\/","logo":{"@type":"ImageObject","inLanguage":"ca","@id":"https:\/\/www.elsducs.org\/blog\/#\/schema\/logo\/image\/","url":"https:\/\/www.elsducs.org\/blog\/wp-content\/uploads\/2024\/08\/ducs.jpg","contentUrl":"https:\/\/www.elsducs.org\/blog\/wp-content\/uploads\/2024\/08\/ducs.jpg","width":180,"height":180,"caption":"Els Ducs del Foc"},"image":{"@id":"https:\/\/www.elsducs.org\/blog\/#\/schema\/logo\/image\/"},"sameAs":["https:\/\/ca-es.facebook.com\/elsducs\/","https:\/\/www.instagram.com\/elsducsdelfoc\/"]},{"@type":"Person","@id":"https:\/\/www.elsducs.org\/blog\/#\/schema\/person\/356c9f8dfe9272777e2ccf1c7d49215e","name":"elsducs","image":{"@type":"ImageObject","inLanguage":"ca","@id":"https:\/\/www.elsducs.org\/blog\/#\/schema\/person\/image\/","url":"https:\/\/secure.gravatar.com\/avatar\/c7e9cc45f32ea29afc6f4bd16d1072eb8037accde3e01f4cda205dc325f26b6c?s=96&d=mm&r=g","contentUrl":"https:\/\/secure.gravatar.com\/avatar\/c7e9cc45f32ea29afc6f4bd16d1072eb8037accde3e01f4cda205dc325f26b6c?s=96&d=mm&r=g","caption":"elsducs"},"sameAs":["https:\/\/www.elsducs.org\/blog"],"url":"https:\/\/www.elsducs.org\/blog\/author\/elsducs\/"}]}},"_links":{"self":[{"href":"https:\/\/www.elsducs.org\/blog\/wp-json\/wp\/v2\/posts\/361","targetHints":{"allow":["GET"]}}],"collection":[{"href":"https:\/\/www.elsducs.org\/blog\/wp-json\/wp\/v2\/posts"}],"about":[{"href":"https:\/\/www.elsducs.org\/blog\/wp-json\/wp\/v2\/types\/post"}],"author":[{"embeddable":true,"href":"https:\/\/www.elsducs.org\/blog\/wp-json\/wp\/v2\/users\/1"}],"replies":[{"embeddable":true,"href":"https:\/\/www.elsducs.org\/blog\/wp-json\/wp\/v2\/comments?post=361"}],"version-history":[{"count":3,"href":"https:\/\/www.elsducs.org\/blog\/wp-json\/wp\/v2\/posts\/361\/revisions"}],"predecessor-version":[{"id":366,"href":"https:\/\/www.elsducs.org\/blog\/wp-json\/wp\/v2\/posts\/361\/revisions\/366"}],"wp:attachment":[{"href":"https:\/\/www.elsducs.org\/blog\/wp-json\/wp\/v2\/media?parent=361"}],"wp:term":[{"taxonomy":"category","embeddable":true,"href":"https:\/\/www.elsducs.org\/blog\/wp-json\/wp\/v2\/categories?post=361"},{"taxonomy":"post_tag","embeddable":true,"href":"https:\/\/www.elsducs.org\/blog\/wp-json\/wp\/v2\/tags?post=361"}],"curies":[{"name":"wp","href":"https:\/\/api.w.org\/{rel}","templated":true}]}}